{"id":4797,"date":"2026-08-29T15:30:44","date_gmt":"2026-08-29T15:30:44","guid":{"rendered":"https:\/\/studioliannekoster.com\/?p=4797"},"modified":"2026-08-29T15:50:30","modified_gmt":"2026-08-29T15:50:30","slug":"klantcase-melis-melos-the-brand-experience","status":"publish","type":"post","link":"https:\/\/studioliannekoster.com\/en\/klantcase-melis-melos-the-brand-experience\/","title":{"rendered":"M\u00e9lis-M\u00e9los: The Brand Experience+"},"content":{"rendered":"<p class=\"wp-block-paragraph\"><\/p>\n\n\n\n<p class=\"wp-block-paragraph\">Van idee-op-papier naar een compleet sieradenmerk met 2500+ volgers en een vermelding in &amp;C Magazine in een paar maanden.<\/p>\n\n\n\n<p class=\"wp-block-paragraph\"><\/p>\n\n\n\n<blockquote class=\"wp-block-quote is-layout-flow wp-block-quote-is-layout-flow\">\n<p class=\"wp-block-paragraph\">&#8220;Echt beyond. Ik weet zeker dat we dit met niemand beter hadden kunnen neerzetten dan met jou.\u00a0Dit traject heeft ons merk gevormd, waardoor wij beiden\u00a0echt weten waar M\u00e9lis-M\u00e9los voor staat, wat het uitstraalt en hoe we dit willen uitdragen. Het heeft ons\u00a0vertrouwen gegeven dat we hiermee echt een merk hebben staan\u00a0waar we de komende jaren op kunnen bouwen. Ik hoop dat je zelf beseft hoe goed je bent, en hoe jij voor ons mee aan de basis staat van M\u00e9lis-M\u00e9los.&#8221; &#8211; Liduine &amp; Marijn, co-founders M\u00e9lis-M\u00e9los<\/p>\n<\/blockquote>\n\n\n\n<p class=\"wp-block-paragraph\"><\/p>\n\n\n\n<h2 class=\"wp-block-heading\"><br><strong>De match<\/strong><\/h2>\n\n\n\n<p class=\"wp-block-paragraph\"><\/p>\n\n\n\n<p class=\"wp-block-paragraph\">Liduine en Marijn kwamen in januari 2025 bij mij binnen. We hadden een kennismakingsgesprek toen ze aan het begin stonden van het ontstaan van M\u00e9lis-M\u00e9los. Na een jaar onderzoek en sample tijd klopte ze bij mij aan met een go voor het 1:1 traject THE BRAND EXPERIENCE+.<\/p>\n\n\n\n<p class=\"wp-block-paragraph\"><\/p>\n\n\n\n<blockquote class=\"wp-block-quote is-layout-flow wp-block-quote-is-layout-flow\">\n<p class=\"wp-block-paragraph\">&#8220;We hebben Lianne heel bewust benaderd toen we wisten dat we een merk wilden op gaan zetten. Er was alleen naam en een gevoel dat we wilden neerzetten. De connectie met Lianne was er meteen. Haar praktische aanpak, heldere uitleg was voor ons beide meteen een schot in de roos. We hebben geen twijfels gehad. We hebben voor de vorm wel nog een andere offerte opgevraagd, dat was bij lange na niet het gevoel waar we in wilden stappen. De klik was er meteen. Daarnaast was ik (Liduine) al 10 jaar bekend met het strategische en creatieve brein dat Lianne heeft en wist ik wat ze in huis had.&#8221;<br><\/p>\n<\/blockquote>\n\n\n\n<p class=\"wp-block-paragraph\"><\/p>\n\n\n\n<p class=\"wp-block-paragraph\">En op een snikhete zomerdag stonden ze op mijn boot voor de kick-off: de live strategiedag van THE BRAND EXPERIENCE+. Wat me raakte aan deze twee: allebei creatief, allebei een sterk oog voor stijl, een hoofd vol idee\u00ebn en mega gedreven. Maar ze wisten ook heel goed waar hun grens lag. In hun eigen woorden:\u00a0<em>&#8220;We weten er zelf ook wel veel van, maar er zijn mensen die er veel meer van weten.&#8221;<\/em><\/p>\n\n\n\n<p class=\"wp-block-paragraph\">Dat is precies het soort founder waar ik graag mee werk. Sterk in wie ze zijn, nuchter over wat ze nog niet hebben.<br><\/p>\n\n\n\n<p class=\"wp-block-paragraph\"><\/p>\n\n\n\n<h2 class=\"wp-block-heading\"><strong>Waar M\u00e9lis-M\u00e9los stond<\/strong><\/h2>\n\n\n\n<p class=\"wp-block-paragraph\"><\/p>\n\n\n\n<p class=\"wp-block-paragraph\">Toen ze bij mij aanklopten hadden ze een naam en een fantastisch concept: kleurrijke ringen (zegelringen in een modern trendy jasje). Ze wisten dat ze met kleur wilden werken en een bijzondere boodschap wilden vertellen.<\/p>\n\n\n\n<p class=\"wp-block-paragraph\">Ze wisten hoe het merk moest voelen.<\/p>\n\n\n\n<p class=\"wp-block-paragraph\">Maar ze wisten niet hoe ze dat gevoel helder vertaalden in een merkbeleving die klopt tot in de kleinste details. Een naam is nog geen merk. Een idee is nog geen positionering. En &#8220;kleurrijk&#8221; is nog geen visuele identiteit die op elk touchpoint werkt.<\/p>\n\n\n\n<p class=\"wp-block-paragraph\">En dan komt er iets extra&#8217;s bij als je met meerdere founders bouwt. Dit heb ik al meerdere keren meegemaakt: juist als je als co-founders allebei een duidelijke visie hebt, heb je iemand nodig die filtert. Want is het persoonlijke voorkeur of merkrichting? Ik ben degene die filtert. Die kritische vragen stelt. Die hoort wat ze samen zeggen en wat juist niet.<\/p>\n\n\n\n<p class=\"wp-block-paragraph\"><\/p>\n\n\n\n<p class=\"wp-block-paragraph\"><\/p>\n\n\n\n<h2 class=\"wp-block-heading\"><strong>De route die we voeren<\/strong><\/h2>\n\n\n\n<p class=\"wp-block-paragraph\"><\/p>\n\n\n\n<p class=\"wp-block-paragraph\">We startten altijd met de basis: een duidelijke merkessentie en onderscheidende positionering  Liduine zei het later heel treffend:<\/p>\n\n\n\n<p class=\"wp-block-paragraph\"><\/p>\n\n\n\n<blockquote class=\"wp-block-quote is-layout-flow wp-block-quote-is-layout-flow\">\n<p class=\"wp-block-paragraph\"><em>&#8220;Jij hebt ons echt uitgedaagd om woorden te onderzoeken. Dat luisterende oor in zo&#8217;n traject is essentieel. Juist omdat we met z&#8217;n twee\u00ebn zijn, is dat absoluut aan te raden.&#8221;<\/em><\/p>\n<\/blockquote>\n\n\n\n<p class=\"wp-block-paragraph\"><\/p>\n\n\n\n<p class=\"wp-block-paragraph\">Precies daar zit mijn werk. Onderzoek en precisie op woord- en op zinsniveau. Op wat w\u00e9l en niet M\u00e9lis-M\u00e9los \u00eds. Want als je die kern helder hebt, heb je pas een sterk fundament om je merk op te bouwen. Toen de merkstrategie stond, gingen we door naar de visuele vertaling: de complete uitstraling, het merkgevoel en de merkassociaties. Dit vertaalde ik naar een complete visuele merkidentiteit, inclusief de implementatie voor verpakking, website en campagnebeelden. Yes, gemaakt met AI. <br><\/p>\n\n\n\n<blockquote class=\"wp-block-quote is-layout-flow wp-block-quote-is-layout-flow\">\n<p class=\"wp-block-paragraph\">&#8220;Lianne heeft ons door het hele proces heengeloodst. Van merkwaarden, positionering, visie, missie, en visuele identiteit. Door het vroeg introduceren van AI en het gebruik hiervan voor beelden, of gebruik in praktijk met onze website en creatieve diensten, staan we voorop in de markt en dat is een fijn gevoel. Daarbij moet ik wel zeggen dat Marijn een easy adapter is, ze ziet iets, past het toe. En eigenlijk is Lianne haar beste leraar.\u00a0&#8221; &#8211; Co-founder Liduine<\/p>\n<\/blockquote>\n\n\n\n<p class=\"wp-block-paragraph\"><\/p>\n\n\n\n<p class=\"wp-block-paragraph\"><\/p>\n\n\n\n<h2 class=\"wp-block-heading\"><strong>Wat er gebeurde in 3 maanden<\/strong><\/h2>\n\n\n\n<p class=\"wp-block-paragraph\"><strong>Ze gingen van 0 naar 2500+ volgers in enkele maanden.<\/strong>\u00a0Ze waren vanaf dag 1 consistent zichtbaar met prachtige en herkenbare content. <\/p>\n\n\n\n<p class=\"wp-block-paragraph\"><strong>Vermelding in &amp;C Magazine.<\/strong>\u00a0En vlak daarna vroeg een Belgisch tijdschrift hun beelden op. <\/p>\n\n\n\n<p class=\"wp-block-paragraph\"><strong>AI werd een vast onderdeel van hun manier van werken.<\/strong>\u00a0Zoals ze zelf zeggen:\u00a0<\/p>\n\n\n\n<blockquote class=\"wp-block-quote is-layout-flow wp-block-quote-is-layout-flow\">\n<p class=\"wp-block-paragraph\"><em>&#8220;Door het vroeg introduceren van AI staan we voorop in de markt en dat is een fijn gevoel.&#8221;<\/em><\/p>\n<\/blockquote>\n\n\n\n<p class=\"wp-block-paragraph\"><\/p>\n\n\n\n<p class=\"wp-block-paragraph\"><strong>Ze twijfelen niet meer over de richting.<\/strong>&nbsp;In plaats van langs elkaar heen te praten over hoe het merk eruit moet zien, hebben ze een gedeelde taal, een gedeelde smaak, een gedeeld kader.<\/p>\n\n\n\n<p class=\"wp-block-paragraph\">Hun eigen woorden zeggen het beter dan ik het kan zeggen:\u00a0<\/p>\n\n\n\n<blockquote class=\"wp-block-quote is-layout-flow wp-block-quote-is-layout-flow\">\n<p class=\"wp-block-paragraph\">&#8220;We hebben alles te danken aan dit traject. Het aanzetten tot denken, in creatieve lijnen. Het ademen van ons merk en welke insteek elk beeld moet hebben of hoe we communiceren. Het heeft ons veel vertrouwen gegeven omdat het klopt en we het steeds meer zijn gaan ademen. Onze omgeving reageert er ook heel positief op, ze vinden het er mooi uit zien, maar ook tijdens een gesprek met een magazine kregen we het compliment dat het indrukwekkend was.&#8221;<\/p>\n<\/blockquote>\n\n\n\n<p class=\"wp-block-paragraph\"><\/p>\n\n\n\n<p class=\"wp-block-paragraph\">En misschien wel het mooiste bewijs: na afloop van The Brand Experience+ verlengden ze in mijn exclusieve groep voor (oud)klanten\u00a0<strong>Brand Boost Club<\/strong>. om samen verder te groeien en het werk te blijven ontwikkelen, want een merk is altijd in beweging. Maar ook om samen met andere founders te blijven schakelen op zichtbaarheid, aanbod en AI.<\/p>\n\n\n\n<p class=\"wp-block-paragraph\"><\/p>\n\n\n\n<p class=\"wp-block-paragraph\"><\/p>\n\n\n\n<h2 class=\"wp-block-heading\"><strong>Waarom dit klopte<\/strong><\/h2>\n\n\n\n<p class=\"wp-block-paragraph\">M\u00e9lis-M\u00e9los had zoveel goeds al in huis. Twee sterke founders met een duidelijke visie, een prachtige productlijn en een naam met betekenis. <\/p>\n\n\n\n<p class=\"wp-block-paragraph\">Wat er miste, was iemand die al die idee\u00ebn filterde tot \u00e9\u00e9n kloppende, consistente, unieke en herkenbare merkwereld. En dat is precies waar dit soort trajecten over gaan, over keuzes maken die kloppen tot in de kleinste details: van je Instagram tot je verpakking tot je website tot je manier van communiceren.<\/p>\n\n\n\n<p class=\"wp-block-paragraph\">Bij M\u00e9lis-M\u00e9los zat de kracht in de combinatie: strategisch fundament + herkenbare visuele identiteit + AI als versneller. <\/p>\n\n\n\n<blockquote class=\"wp-block-quote is-layout-flow wp-block-quote-is-layout-flow\">\n<p class=\"wp-block-paragraph\">&#8220;Het heeft ons merk gevormd, waardoor wij beide echt weten waar Melis-Melos voor staat, wat het uitstraalt en hoe we dit willen uitdragen. Het heeft ons vertrouwen gegeven in dat we hiermee echt een merk hebben staan en de komende jaren hiermee vooruit kunnen.&#8221;<\/p>\n<\/blockquote>\n\n\n\n<p class=\"wp-block-paragraph\"><\/p>\n\n\n\n<p class=\"wp-block-paragraph\"><\/p>\n\n\n\n<h2 class=\"wp-block-heading\"><strong>De spiegel<\/strong><\/h2>\n\n\n\n<p class=\"wp-block-paragraph\">Als jij met een compagnon (of samen met een businesspartner) een merk bouwt, ken je vast dat gevoel: je hebt allebei sterke idee\u00ebn, maar de vertaling naar \u00e9\u00e9n helder merk lukt maar niet.<\/p>\n\n\n\n<p class=\"wp-block-paragraph\">Of misschien bouw je in je eentje, heb je heel veel goeds in huis maar heb je wel het gevoel dat er iets mist. Een filter, een onderscheidende positionering, een spiegel. Iemand die zegt: dit past bij het merk en dit niet. Iemand die de losse idee\u00ebn vangt en er \u00e9\u00e9n merkwereld van maakt waar alles klopt: strategisch, energetisch, visueel en in de manier waarop je met AI slim kan inzetten om v\u00f3\u00f3r je merk te laten werken. Dat is iets wat je niet in je eentje oplost. Dat vraagt om iemand van buiten die de juiste vragen stelt. En het vraagt om lef om die diepte in te gaan. Om niet voor &#8220;branding in a day&#8221; te kiezen, maar voor iets dat \u00e9cht een fundament wordt.<\/p>\n\n\n\n<p class=\"wp-block-paragraph\">M\u00e9lis-M\u00e9los koos ervoor met<strong> <\/strong><a href=\"https:\/\/studioliannekoster.com\/en\/the-brand-experience\/\"><strong>THE BRAND EXPERIENCE+<\/strong><\/a>. En kijk waar ze nu staan in enkele maanden.<\/p>\n\n\n\n<p class=\"wp-block-paragraph\"><\/p>\n\n\n\n<h2 class=\"wp-block-heading\"><strong>Klaar voor jouw next level merkwereld?<\/strong><\/h2>\n\n\n\n<p class=\"wp-block-paragraph\"><a href=\"https:\/\/studioliannekoster.com\/en\/the-brand-experience\/\"><strong>THE BRAND EXPERIENCE+<\/strong><\/a> is mijn 1:1 premium traject. Voor visionairs, impactmakers, health &amp; lifestyle brands die hun merk in \u00e9\u00e9n keer goed willen neerzetten. Compleet, kloppend en toekomstbestendig. Ik neem maximaal 2 klanten per kwartaal aan. Nieuwsgierig of dit passend is voor jouw merk? <br><br>Plan een gratis <a href=\"http:\/\/calendly.com\/liannekoster91\/30min\"><strong>Match<\/strong> <strong>Call<\/strong><\/a> in en we kijken samen of ik jou kan helpen in jouw volgende stappen.<\/p>\n\n\n\n<p class=\"wp-block-paragraph\"><\/p>\n\n\n\n<figure class=\"wp-block-embed is-type-video is-provider-spotify wp-block-embed-spotify wp-embed-aspect-16-9 wp-has-aspect-ratio\"><div class=\"wp-block-embed__wrapper\">\n<iframe title=\"Spotify Embed: #36 De groei van M\u00e9lis-M\u00e9los: van startend merk naar 2000+ volgers en een magazine-vermelding in enkele maanden\" style=\"border-radius: 12px\" width=\"624\" height=\"351\" frameborder=\"0\" allowfullscreen allow=\"autoplay; clipboard-write; encrypted-media; fullscreen; picture-in-picture\" loading=\"lazy\" src=\"https:\/\/open.spotify.com\/embed\/episode\/5TerW8RqC5hBn1ix4LspHi\/video?si=LoyyV2VNQqSGZhCRHe33PA&amp;utm_source=oembed\"><\/iframe>\n<\/div><\/figure>","protected":false},"excerpt":{"rendered":"<p>Van idee-op-papier naar een compleet sieradenmerk met 2500+ volgers en een vermelding in &amp;C Magazine in een paar maanden. &#8220;Echt beyond. Ik weet zeker dat we dit met niemand beter hadden kunnen neerzetten dan met jou.\u00a0Dit traject heeft ons merk gevormd, waardoor wij beiden\u00a0echt weten waar M\u00e9lis-M\u00e9los voor staat, wat het uitstraalt en hoe we [&hellip;]<\/p>\n","protected":false},"author":2,"featured_media":4807,"comment_status":"closed","ping_status":"closed","sticky":false,"template":"","format":"standard","meta":{"_acf_changed":false,"_et_pb_use_builder":"off","_et_pb_old_content":"<!-- wp:heading {\"level\":1} -->\n<h1 class=\"wp-block-heading\"><\/h1>\n<!-- \/wp:heading -->\n\n<!-- wp:paragraph -->\n<p>Ik zie het de laatste tijd zo vaak gebeuren. Ondernemers die <em>next level<\/em> willen gaan. Ze willen zich positioneren aan de bovenkant van de markt, die high-end klanten aantrekken, hogere prijzen vragen, meer exclusiviteit uitstralen. Ze investeren in een chique website, een nieuw logo, professionele fotografie en een prijsverhoging. Ze doen alles \u201cvolgens het boekje\u201d. En toch ontbreekt er iets. Niet zichtbaar op papier, maar voelbaar in energie. Want high-end positionering gaat niet over <em>wat<\/em> je, maar over <em>wie<\/em> je bent als merk. <br><br>Je kunt je niet positioneren in een segment dat je zelf nog niet leeft. Je merk weerspiegelt altijd de binnenkant. Als jij jezelf klein houdt, blijft je merk dat ook doen. Je kunt geen leider uitstralen als je vanbinnen nog twijfelt of je er wel \u00e9\u00e9n bent. High-end merken komen niet voort uit perfectie, maar uit presence. Het verschil zit in energie. De manier waarop je denkt, handelt, communiceert en keuzes maakt. D\u00e1\u00e1r voelen klanten het verschil.<br><br><\/p>\n<!-- \/wp:paragraph -->\n\n<!-- wp:heading -->\n<h2 class=\"wp-block-heading\"><\/h2>\n<!-- \/wp:heading -->\n\n<!-- wp:paragraph -->\n<p><\/p>\n<!-- \/wp:paragraph -->\n\n<!-- wp:heading -->\n<h2 class=\"wp-block-heading\">5 tips om jouw high-end energie te versterken<\/h2>\n<!-- \/wp:heading -->\n\n<!-- wp:paragraph -->\n<p><\/p>\n<!-- \/wp:paragraph -->\n\n<!-- wp:heading {\"level\":3} -->\n<h3 class=\"wp-block-heading\">1. Own je expertise<\/h3>\n<!-- \/wp:heading -->\n\n<!-- wp:paragraph -->\n<p>We onderschatten vaak wat we voor anderen betekenen. Schrijf eens letterlijk op wat jouw klanten door jouw werk bereiken. Niet wat jij doet, maar wat zij voelen of realiseren n\u00e1 jullie samenwerking. Welke concrete resultaten zien ze? Hoeveel meer rust, focus of groei ervaren ze?<\/p>\n<!-- \/wp:paragraph -->\n\n<!-- wp:paragraph -->\n<p>Zoveel transformaties zien we zelf namelijk als vanzelfsprekend. Zodra je dit zwart op wit ziet, groeit je zelfvertrouwen vanzelf. Je ziet de waarde in van hetgeen je aanbiedt: \"Dit is de waarde die ik breng en daar sta ik 100% achter.\"  En precies d\u00e1t gevoel wil je meenemen in je zichtbaarheid en gesprekken, want zelfvertrouwen begint met bewijs dat je al geleverd h\u00e9bt.<br><\/p>\n<!-- \/wp:paragraph -->\n\n<!-- wp:paragraph -->\n<p><\/p>\n<!-- \/wp:paragraph -->\n\n<!-- wp:heading {\"level\":3} -->\n<h3 class=\"wp-block-heading\">2. Leef het leven dat je wilt aantrekken<\/h3>\n<!-- \/wp:heading -->\n\n<!-- wp:paragraph -->\n<p>Wil je klanten die investeren in kwaliteit, beleving en groei? Laat dat dan ook zelf zien. Niet om te \u2018showen\u2019, maar om te inspireren. Klanten willen onderdeel worden van jouw wereld. Dus leef hem al, op jouw manier. <\/p>\n<!-- \/wp:paragraph -->\n\n<!-- wp:paragraph -->\n<p>Ik kreeg laatst de vraag: \u201cWat als ik jou nou 100 euro geef, en jij zorgt voor 50 nieuwe klanten?\u201d Eerlijk? Dat is precies de verkeerde energie. Hoe kun je verwachten dat anderen in jou investeren, als jij zelf niet bereid bent om te investeren? Je kunt geen premium klanten aantrekken als je zelf blijft denken in tekorten of snelle winst. High-end gaat niet over besparen, maar over bouwen. Over het zien van waarde, ook als het (nog) niet direct in cijfers te vangen is. Als jij leeft en werkt vanuit overvloed. Vanuit vertrouwen, plezier en liefde voor je vak, dan trek je vanzelf klanten aan die in diezelfde energie resoneren.<\/p>\n<!-- \/wp:paragraph -->\n\n<!-- wp:paragraph -->\n<p><\/p>\n<!-- \/wp:paragraph -->\n\n<!-- wp:paragraph -->\n<p><\/p>\n<!-- \/wp:paragraph -->\n\n<!-- wp:heading {\"level\":3} -->\n<h3 class=\"wp-block-heading\">3. Check je energie v\u00f3\u00f3r je je prijs verhoogt<\/h3>\n<!-- \/wp:heading -->\n\n<!-- wp:paragraph -->\n<p>Een hogere prijs werkt alleen als jij hem ook echt kunt dragen. Zodra jij twijfelt, voelt je klant dat direct. Je hoeft het niet te <em>spelen<\/em>, je moet het <em>zijn. <\/em>Ik weet nog goed toen ik mijn prijzen voor het eerst verhoogde. Niet omdat ik dacht: het mag nu wel eens, maar omdat ik voelde: <em>mijn werk transformeert merken.<\/em> En precies daar zit het verschil. Het was geen slimme marketingtruc maar een diep vertrouwen in wat ik doe. Ik w\u00edst: mijn trajecten maken verschil, mijn klanten groeien daardoor. En dat mag ook in mijn prijs, mijn energie en mijn uitstraling voelbaar zijn.<\/p>\n<!-- \/wp:paragraph -->\n\n<!-- wp:paragraph -->\n<p>Dat gevoel, die innerlijke zekerheid, is de energie die verkoopt. Geen gladde salespitch, maar stille overtuiging. <\/p>\n<!-- \/wp:paragraph -->\n\n<!-- wp:paragraph -->\n<p><\/p>\n<!-- \/wp:paragraph -->\n\n<!-- wp:paragraph -->\n<p><\/p>\n<!-- \/wp:paragraph -->\n\n<!-- wp:heading {\"level\":3} -->\n<h3 class=\"wp-block-heading\">4. Zorg dat alles premium voelt<\/h3>\n<!-- \/wp:heading -->\n\n<!-- wp:paragraph -->\n<p>High-end merken herken je niet aan hun prijskaartje, maar aan hun\u00a0presence<strong>.<\/strong> Aan de rust die ze uitstralen. De aandacht in elk detail. De consistentie in hun uitstraling. Van website tot verpakking, van onboarding tot aftercare: het totaalplaatje klopt. Alles voelt doordacht en persoonlijk. Echt als een beleving. Ze overcommuniceren niet. Ze vertrouwen op eenvoud. Hun woorden zijn zorgvuldig gekozen. Geen ruis, geen haast, geen verkooppraatjes.<\/p>\n<!-- \/wp:paragraph -->\n\n<!-- wp:paragraph -->\n<p>Wanneer iemand in aanraking komt met jouw merk, voelt die persoon iets. Rust. Kwaliteit. Vertrouwen. Visie. Aandacht. D\u00e1t is premium.<\/p>\n<!-- \/wp:paragraph -->\n\n<!-- wp:paragraph -->\n<p>High-end merken bouwen geen muren van afstand, maar cre\u00ebren een wereld waar je onderdeel van w\u00edlt zijn. Ze nodigen niet uit met schreeuwerige marketing, maar met aantrekkingskracht. Ze cre\u00ebren een wereld waar je onderdeel van w\u00edlt zijn. <\/p>\n<!-- \/wp:paragraph -->\n\n<!-- wp:paragraph -->\n<p><br><\/p>\n<!-- \/wp:paragraph -->\n\n<!-- wp:paragraph -->\n<p><\/p>\n<!-- \/wp:paragraph -->\n\n<!-- wp:heading {\"level\":3} -->\n<h3 class=\"wp-block-heading\">5. Own je plek (zonder te schreeuwen)<\/h3>\n<!-- \/wp:heading -->\n\n<!-- wp:paragraph -->\n<p>High-end merken zijn niet overal, maar w\u00e9l aanwezig. Ze hoeven niet de luidste in de kamer te zijn, maar ze hebben presence. Own je plek. Het gaat niet over beter zijn dan anderen, maar over uniek durven zijn. De kracht zit niet in volume, maar in visie. Dus durf te kiezen. Durf uitgesproken te zijn. Jij b\u00e9nt de autoriteit, niet de volger. En dat is precies waarom mensen jou willen.<\/p>\n<!-- \/wp:paragraph -->\n\n<!-- wp:paragraph -->\n<p><\/p>\n<!-- \/wp:paragraph -->\n\n<!-- wp:paragraph -->\n<p><br>High-end positionering draait niet om m\u00e9\u00e9r doen, maar om anders denken. Om innerlijke groei en uiterlijke verfijning. Tot alles klopt. Van je mindset tot je complete merkbeleving.<\/p>\n<!-- \/wp:paragraph -->\n\n<!-- wp:paragraph -->\n<p>Het is geen marketingtruc, geen strategie op papier.<br>Het is een manier van zijn. Van voelen. Van kiezen. Het is leiderschap. Presence. Energie. <\/p>\n<!-- \/wp:paragraph -->\n\n<!-- wp:paragraph -->\n<p>Het betekent durven staan voor je waarde, ook als niemand nog klapt. Weten wie je bent, wat je brengt en hoe je het wilt brengen.  Zo sterk, dat alles wat je doet vanzelf diezelfde frequentie uitstraalt.<br>Wanneer jij die energie leeft, wordt je merk magnetisch. Je trekt niet alleen klanten aan die iets van je willen kopen, maar mensen die deel willen worden van wat je bouwt. Van jouw visie. Jouw wereld. Jouw beweging.<\/p>\n<!-- \/wp:paragraph -->\n\n<!-- wp:paragraph -->\n<p>En dat is echte aantrekkingskracht.<br>En dat is wat een sterk merk doet:<br>het verkoopt niet, het verleidt.<br><\/p>\n<!-- \/wp:paragraph -->","_et_gb_content_width":"942","footnotes":""},"categories":[56],"tags":[],"blog-categorie":[],"class_list":["post-4797","post","type-post","status-publish","format-standard","has-post-thumbnail","hentry","category-klantcase"],"acf":[],"yoast_head":"<!-- This site is optimized with the Yoast SEO plugin v28.4 - https:\/\/yoast.com\/product\/yoast-seo-wordpress\/ -->\n<title>In the spotlight M\u00e9lis-M\u00e9los: sieradenmerk in enkele maanden - Studio Lianne Koster<\/title>\n<meta name=\"description\" content=\"Van concept naar een compleet sieradenmerk met 2500+ volgers en een vermelding in &amp;C Magazine in enkele maanden. M\u00e9lis-M\u00e9los over hun journey\" \/>\n<meta name=\"robots\" content=\"index, follow, max-snippet:-1, max-image-preview:large, max-video-preview:-1\" \/>\n<link rel=\"canonical\" href=\"https:\/\/studioliannekoster.com\/en\/klantcase-melis-melos-the-brand-experience\/\" \/>\n<meta property=\"og:locale\" content=\"en_US\" \/>\n<meta property=\"og:type\" content=\"article\" \/>\n<meta property=\"og:title\" content=\"In the spotlight M\u00e9lis-M\u00e9los: sieradenmerk in enkele maanden - Studio Lianne Koster\" \/>\n<meta property=\"og:description\" content=\"Van concept naar een compleet sieradenmerk met 2500+ volgers en een vermelding in &amp;C Magazine in enkele maanden. M\u00e9lis-M\u00e9los over hun journey\" \/>\n<meta property=\"og:url\" content=\"https:\/\/studioliannekoster.com\/en\/klantcase-melis-melos-the-brand-experience\/\" \/>\n<meta property=\"og:site_name\" content=\"Studio Lianne Koster\" \/>\n<meta property=\"article:published_time\" content=\"2026-08-29T15:30:44+00:00\" \/>\n<meta property=\"article:modified_time\" content=\"2026-08-29T15:50:30+00:00\" \/>\n<meta property=\"og:image\" content=\"https:\/\/studioliannekoster.com\/wp-content\/uploads\/2026\/08\/Melis-Melos-klantcase-Studio-Lianne-Koster-The-Brand-Experience.jpg\" \/>\n\t<meta property=\"og:image:width\" content=\"1500\" \/>\n\t<meta property=\"og:image:height\" content=\"2250\" \/>\n\t<meta property=\"og:image:type\" content=\"image\/jpeg\" \/>\n<meta name=\"author\" content=\"Lianne\" \/>\n<meta name=\"twitter:card\" content=\"summary_large_image\" \/>\n<meta name=\"twitter:label1\" content=\"Written by\" \/>\n\t<meta name=\"twitter:data1\" content=\"Lianne\" \/>\n\t<meta name=\"twitter:label2\" content=\"Est. reading time\" \/>\n\t<meta name=\"twitter:data2\" content=\"5 minutes\" \/>\n<script type=\"application\/ld+json\" class=\"yoast-schema-graph\">{\"@context\":\"https:\\\/\\\/schema.org\",\"@graph\":[{\"@type\":\"Article\",\"@id\":\"https:\\\/\\\/studioliannekoster.com\\\/klantcase-melis-melos-the-brand-experience\\\/#article\",\"isPartOf\":{\"@id\":\"https:\\\/\\\/studioliannekoster.com\\\/klantcase-melis-melos-the-brand-experience\\\/\"},\"author\":{\"name\":\"Lianne\",\"@id\":\"https:\\\/\\\/studioliannekoster.com\\\/#\\\/schema\\\/person\\\/f29917671f61a003c79eda1b91c882b6\"},\"headline\":\"M\u00e9lis-M\u00e9los: The Brand Experience+\",\"datePublished\":\"2026-08-29T15:30:44+00:00\",\"dateModified\":\"2026-08-29T15:50:30+00:00\",\"mainEntityOfPage\":{\"@id\":\"https:\\\/\\\/studioliannekoster.com\\\/klantcase-melis-melos-the-brand-experience\\\/\"},\"wordCount\":1401,\"image\":{\"@id\":\"https:\\\/\\\/studioliannekoster.com\\\/klantcase-melis-melos-the-brand-experience\\\/#primaryimage\"},\"thumbnailUrl\":\"https:\\\/\\\/studioliannekoster.com\\\/wp-content\\\/uploads\\\/2026\\\/08\\\/Melis-Melos-klantcase-Studio-Lianne-Koster-The-Brand-Experience.jpg\",\"articleSection\":[\"In the spotlight\"],\"inLanguage\":\"en-US\"},{\"@type\":\"WebPage\",\"@id\":\"https:\\\/\\\/studioliannekoster.com\\\/klantcase-melis-melos-the-brand-experience\\\/\",\"url\":\"https:\\\/\\\/studioliannekoster.com\\\/klantcase-melis-melos-the-brand-experience\\\/\",\"name\":\"In the spotlight M\u00e9lis-M\u00e9los: sieradenmerk in enkele maanden - Studio Lianne Koster\",\"isPartOf\":{\"@id\":\"https:\\\/\\\/studioliannekoster.com\\\/#website\"},\"primaryImageOfPage\":{\"@id\":\"https:\\\/\\\/studioliannekoster.com\\\/klantcase-melis-melos-the-brand-experience\\\/#primaryimage\"},\"image\":{\"@id\":\"https:\\\/\\\/studioliannekoster.com\\\/klantcase-melis-melos-the-brand-experience\\\/#primaryimage\"},\"thumbnailUrl\":\"https:\\\/\\\/studioliannekoster.com\\\/wp-content\\\/uploads\\\/2026\\\/08\\\/Melis-Melos-klantcase-Studio-Lianne-Koster-The-Brand-Experience.jpg\",\"datePublished\":\"2026-08-29T15:30:44+00:00\",\"dateModified\":\"2026-08-29T15:50:30+00:00\",\"author\":{\"@id\":\"https:\\\/\\\/studioliannekoster.com\\\/#\\\/schema\\\/person\\\/f29917671f61a003c79eda1b91c882b6\"},\"description\":\"Van concept naar een compleet sieradenmerk met 2500+ volgers en een vermelding in &C Magazine in enkele maanden. M\u00e9lis-M\u00e9los over hun journey\",\"breadcrumb\":{\"@id\":\"https:\\\/\\\/studioliannekoster.com\\\/klantcase-melis-melos-the-brand-experience\\\/#breadcrumb\"},\"inLanguage\":\"en-US\",\"potentialAction\":[{\"@type\":\"ReadAction\",\"target\":[\"https:\\\/\\\/studioliannekoster.com\\\/klantcase-melis-melos-the-brand-experience\\\/\"]}]},{\"@type\":\"ImageObject\",\"inLanguage\":\"en-US\",\"@id\":\"https:\\\/\\\/studioliannekoster.com\\\/klantcase-melis-melos-the-brand-experience\\\/#primaryimage\",\"url\":\"https:\\\/\\\/studioliannekoster.com\\\/wp-content\\\/uploads\\\/2026\\\/08\\\/Melis-Melos-klantcase-Studio-Lianne-Koster-The-Brand-Experience.jpg\",\"contentUrl\":\"https:\\\/\\\/studioliannekoster.com\\\/wp-content\\\/uploads\\\/2026\\\/08\\\/Melis-Melos-klantcase-Studio-Lianne-Koster-The-Brand-Experience.jpg\",\"width\":1500,\"height\":2250,\"caption\":\"Melis-Melos klantcase Studio Lianne Koster The Brand Experience\"},{\"@type\":\"BreadcrumbList\",\"@id\":\"https:\\\/\\\/studioliannekoster.com\\\/klantcase-melis-melos-the-brand-experience\\\/#breadcrumb\",\"itemListElement\":[{\"@type\":\"ListItem\",\"position\":1,\"name\":\"Home\",\"item\":\"https:\\\/\\\/studioliannekoster.com\\\/\"},{\"@type\":\"ListItem\",\"position\":2,\"name\":\"M\u00e9lis-M\u00e9los: The Brand Experience+\"}]},{\"@type\":\"WebSite\",\"@id\":\"https:\\\/\\\/studioliannekoster.com\\\/#website\",\"url\":\"https:\\\/\\\/studioliannekoster.com\\\/\",\"name\":\"Studio Lianne Koster\",\"description\":\"Branding, Design, Strategie &amp; AI Studio voor creatives, vision-led founders, health &amp; lifestyle merken\",\"potentialAction\":[{\"@type\":\"SearchAction\",\"target\":{\"@type\":\"EntryPoint\",\"urlTemplate\":\"https:\\\/\\\/studioliannekoster.com\\\/?s={search_term_string}\"},\"query-input\":{\"@type\":\"PropertyValueSpecification\",\"valueRequired\":true,\"valueName\":\"search_term_string\"}}],\"inLanguage\":\"en-US\"},{\"@type\":\"Person\",\"@id\":\"https:\\\/\\\/studioliannekoster.com\\\/#\\\/schema\\\/person\\\/f29917671f61a003c79eda1b91c882b6\",\"name\":\"Lianne\",\"image\":{\"@type\":\"ImageObject\",\"inLanguage\":\"en-US\",\"@id\":\"https:\\\/\\\/secure.gravatar.com\\\/avatar\\\/a80dd026ea7f09281d4d9bfd4e8d99c5b81c3bb49a49e9295499369812c56421?s=96&d=mm&r=g\",\"url\":\"https:\\\/\\\/secure.gravatar.com\\\/avatar\\\/a80dd026ea7f09281d4d9bfd4e8d99c5b81c3bb49a49e9295499369812c56421?s=96&d=mm&r=g\",\"contentUrl\":\"https:\\\/\\\/secure.gravatar.com\\\/avatar\\\/a80dd026ea7f09281d4d9bfd4e8d99c5b81c3bb49a49e9295499369812c56421?s=96&d=mm&r=g\",\"caption\":\"Lianne\"},\"url\":\"https:\\\/\\\/studioliannekoster.com\\\/en\\\/author\\\/lianne\\\/\"}]}<\/script>\n<!-- \/ Yoast SEO plugin. -->","yoast_head_json":{"title":"In the spotlight M\u00e9lis-M\u00e9los: sieradenmerk in enkele maanden - Studio Lianne Koster","description":"Van concept naar een compleet sieradenmerk met 2500+ volgers en een vermelding in &C Magazine in enkele maanden. M\u00e9lis-M\u00e9los over hun journey","robots":{"index":"index","follow":"follow","max-snippet":"max-snippet:-1","max-image-preview":"max-image-preview:large","max-video-preview":"max-video-preview:-1"},"canonical":"https:\/\/studioliannekoster.com\/en\/klantcase-melis-melos-the-brand-experience\/","og_locale":"en_US","og_type":"article","og_title":"In the spotlight M\u00e9lis-M\u00e9los: sieradenmerk in enkele maanden - Studio Lianne Koster","og_description":"Van concept naar een compleet sieradenmerk met 2500+ volgers en een vermelding in &C Magazine in enkele maanden. M\u00e9lis-M\u00e9los over hun journey","og_url":"https:\/\/studioliannekoster.com\/en\/klantcase-melis-melos-the-brand-experience\/","og_site_name":"Studio Lianne Koster","article_published_time":"2026-08-29T15:30:44+00:00","article_modified_time":"2026-08-29T15:50:30+00:00","og_image":[{"width":1500,"height":2250,"url":"https:\/\/studioliannekoster.com\/wp-content\/uploads\/2026\/08\/Melis-Melos-klantcase-Studio-Lianne-Koster-The-Brand-Experience.jpg","type":"image\/jpeg"}],"author":"Lianne","twitter_card":"summary_large_image","twitter_misc":{"Written by":"Lianne","Est. reading time":"5 minutes"},"schema":{"@context":"https:\/\/schema.org","@graph":[{"@type":"Article","@id":"https:\/\/studioliannekoster.com\/klantcase-melis-melos-the-brand-experience\/#article","isPartOf":{"@id":"https:\/\/studioliannekoster.com\/klantcase-melis-melos-the-brand-experience\/"},"author":{"name":"Lianne","@id":"https:\/\/studioliannekoster.com\/#\/schema\/person\/f29917671f61a003c79eda1b91c882b6"},"headline":"M\u00e9lis-M\u00e9los: The Brand Experience+","datePublished":"2026-08-29T15:30:44+00:00","dateModified":"2026-08-29T15:50:30+00:00","mainEntityOfPage":{"@id":"https:\/\/studioliannekoster.com\/klantcase-melis-melos-the-brand-experience\/"},"wordCount":1401,"image":{"@id":"https:\/\/studioliannekoster.com\/klantcase-melis-melos-the-brand-experience\/#primaryimage"},"thumbnailUrl":"https:\/\/studioliannekoster.com\/wp-content\/uploads\/2026\/08\/Melis-Melos-klantcase-Studio-Lianne-Koster-The-Brand-Experience.jpg","articleSection":["In the spotlight"],"inLanguage":"en-US"},{"@type":"WebPage","@id":"https:\/\/studioliannekoster.com\/klantcase-melis-melos-the-brand-experience\/","url":"https:\/\/studioliannekoster.com\/klantcase-melis-melos-the-brand-experience\/","name":"In the spotlight M\u00e9lis-M\u00e9los: sieradenmerk in enkele maanden - Studio Lianne Koster","isPartOf":{"@id":"https:\/\/studioliannekoster.com\/#website"},"primaryImageOfPage":{"@id":"https:\/\/studioliannekoster.com\/klantcase-melis-melos-the-brand-experience\/#primaryimage"},"image":{"@id":"https:\/\/studioliannekoster.com\/klantcase-melis-melos-the-brand-experience\/#primaryimage"},"thumbnailUrl":"https:\/\/studioliannekoster.com\/wp-content\/uploads\/2026\/08\/Melis-Melos-klantcase-Studio-Lianne-Koster-The-Brand-Experience.jpg","datePublished":"2026-08-29T15:30:44+00:00","dateModified":"2026-08-29T15:50:30+00:00","author":{"@id":"https:\/\/studioliannekoster.com\/#\/schema\/person\/f29917671f61a003c79eda1b91c882b6"},"description":"Van concept naar een compleet sieradenmerk met 2500+ volgers en een vermelding in &C Magazine in enkele maanden. M\u00e9lis-M\u00e9los over hun journey","breadcrumb":{"@id":"https:\/\/studioliannekoster.com\/klantcase-melis-melos-the-brand-experience\/#breadcrumb"},"inLanguage":"en-US","potentialAction":[{"@type":"ReadAction","target":["https:\/\/studioliannekoster.com\/klantcase-melis-melos-the-brand-experience\/"]}]},{"@type":"ImageObject","inLanguage":"en-US","@id":"https:\/\/studioliannekoster.com\/klantcase-melis-melos-the-brand-experience\/#primaryimage","url":"https:\/\/studioliannekoster.com\/wp-content\/uploads\/2026\/08\/Melis-Melos-klantcase-Studio-Lianne-Koster-The-Brand-Experience.jpg","contentUrl":"https:\/\/studioliannekoster.com\/wp-content\/uploads\/2026\/08\/Melis-Melos-klantcase-Studio-Lianne-Koster-The-Brand-Experience.jpg","width":1500,"height":2250,"caption":"Melis-Melos klantcase Studio Lianne Koster The Brand Experience"},{"@type":"BreadcrumbList","@id":"https:\/\/studioliannekoster.com\/klantcase-melis-melos-the-brand-experience\/#breadcrumb","itemListElement":[{"@type":"ListItem","position":1,"name":"Home","item":"https:\/\/studioliannekoster.com\/"},{"@type":"ListItem","position":2,"name":"M\u00e9lis-M\u00e9los: The Brand Experience+"}]},{"@type":"WebSite","@id":"https:\/\/studioliannekoster.com\/#website","url":"https:\/\/studioliannekoster.com\/","name":"Studio Lianne Koster","description":"Branding, Design, Strategie &amp; AI Studio voor creatives, vision-led founders, health &amp; lifestyle merken","potentialAction":[{"@type":"SearchAction","target":{"@type":"EntryPoint","urlTemplate":"https:\/\/studioliannekoster.com\/?s={search_term_string}"},"query-input":{"@type":"PropertyValueSpecification","valueRequired":true,"valueName":"search_term_string"}}],"inLanguage":"en-US"},{"@type":"Person","@id":"https:\/\/studioliannekoster.com\/#\/schema\/person\/f29917671f61a003c79eda1b91c882b6","name":"Lianne","image":{"@type":"ImageObject","inLanguage":"en-US","@id":"https:\/\/secure.gravatar.com\/avatar\/a80dd026ea7f09281d4d9bfd4e8d99c5b81c3bb49a49e9295499369812c56421?s=96&d=mm&r=g","url":"https:\/\/secure.gravatar.com\/avatar\/a80dd026ea7f09281d4d9bfd4e8d99c5b81c3bb49a49e9295499369812c56421?s=96&d=mm&r=g","contentUrl":"https:\/\/secure.gravatar.com\/avatar\/a80dd026ea7f09281d4d9bfd4e8d99c5b81c3bb49a49e9295499369812c56421?s=96&d=mm&r=g","caption":"Lianne"},"url":"https:\/\/studioliannekoster.com\/en\/author\/lianne\/"}]}},"_links":{"self":[{"href":"https:\/\/studioliannekoster.com\/en\/wp-json\/wp\/v2\/posts\/4797","targetHints":{"allow":["GET"]}}],"collection":[{"href":"https:\/\/studioliannekoster.com\/en\/wp-json\/wp\/v2\/posts"}],"about":[{"href":"https:\/\/studioliannekoster.com\/en\/wp-json\/wp\/v2\/types\/post"}],"author":[{"embeddable":true,"href":"https:\/\/studioliannekoster.com\/en\/wp-json\/wp\/v2\/users\/2"}],"replies":[{"embeddable":true,"href":"https:\/\/studioliannekoster.com\/en\/wp-json\/wp\/v2\/comments?post=4797"}],"version-history":[{"count":1,"href":"https:\/\/studioliannekoster.com\/en\/wp-json\/wp\/v2\/posts\/4797\/revisions"}],"predecessor-version":[{"id":4798,"href":"https:\/\/studioliannekoster.com\/en\/wp-json\/wp\/v2\/posts\/4797\/revisions\/4798"}],"wp:featuredmedia":[{"embeddable":true,"href":"https:\/\/studioliannekoster.com\/en\/wp-json\/wp\/v2\/media\/4807"}],"wp:attachment":[{"href":"https:\/\/studioliannekoster.com\/en\/wp-json\/wp\/v2\/media?parent=4797"}],"wp:term":[{"taxonomy":"category","embeddable":true,"href":"https:\/\/studioliannekoster.com\/en\/wp-json\/wp\/v2\/categories?post=4797"},{"taxonomy":"post_tag","embeddable":true,"href":"https:\/\/studioliannekoster.com\/en\/wp-json\/wp\/v2\/tags?post=4797"},{"taxonomy":"blog-categorie","embeddable":true,"href":"https:\/\/studioliannekoster.com\/en\/wp-json\/wp\/v2\/blog-categorie?post=4797"}],"curies":[{"name":"wp","href":"https:\/\/api.w.org\/{rel}","templated":true}]}}