{"id":4773,"date":"2026-08-29T13:19:24","date_gmt":"2026-08-29T13:19:24","guid":{"rendered":"https:\/\/studioliannekoster.com\/?p=4773"},"modified":"2026-08-29T13:51:36","modified_gmt":"2026-08-29T13:51:36","slug":"klantcase-caroline-the-brand-academy","status":"publish","type":"post","link":"https:\/\/studioliannekoster.com\/en\/klantcase-caroline-the-brand-academy\/","title":{"rendered":"Caroline verhoogde haar tarieven, trok droomklanten aan en zei haar baan op."},"content":{"rendered":"<p class=\"wp-block-paragraph\"><\/p>\n\n\n\n<p class=\"wp-block-paragraph\">Van dromen over fulltime ondernemen &#8220;over 5 jaar&#8221; naar: onderscheidend merk, baan opgezegd, prijzen verhoogd en agenda vol droomprojecten.<\/p>\n\n\n\n<p class=\"wp-block-paragraph\"><\/p>\n\n\n\n<blockquote class=\"wp-block-quote is-layout-flow wp-block-quote-is-layout-flow\">\n<p class=\"wp-block-paragraph\">&#8220;Het was fantastisch dit traject te doorlopen.\u00a0Jouw energie en positiviteit is aanstekelijk. En het is de\u00a0investering dubbel en dwars waard, je gaat dit sowieso terugverdienen. Het stukje zelfontwikkeling raakte me. Dit heeft op mij veel impact gemaakt:\u00a0het heeft helderheid en rust gegeven. In The Brand Academy leer je jezelf en je bedrijf echt kennen en vervolgens maak je de vertaalslag naar de buitenwereld, zodat het totale plaatje klopt.&#8221; &#8211; Caroline<br><\/p>\n<\/blockquote>\n\n\n\n<p class=\"wp-block-paragraph\"><\/p>\n\n\n\n<p class=\"wp-block-paragraph\"><br><\/p>\n\n\n\n<h2 class=\"wp-block-heading\"><br><strong>De match<\/strong><\/h2>\n\n\n\n<p class=\"wp-block-paragraph\"><\/p>\n\n\n\n<p class=\"wp-block-paragraph\">Caroline vond mij via Instagram. We volgden elkaar een tijdje, hadden een erg leuk gesprek en ze zei eigenlijk meteen: let&#8217;s go! Als Caroline een doel voor zich ziet, gaat ze er ook meteen 100% voor. Ik zag het aan alles: het invullen van de uitgebreide vragenlijst, de voorbereiding voor iedere call, haar aanwezigheid. Dat maakt de samenwerking ook zo leuk, want dan komt er iets moois uit.<br><br>Na afloop van The Brand Academy verlengde ze meteen onze samenwerking in de Brand Boost Club. Voor die stok achter de deur, de doorontwikkeling van haar merk, positionering en aanbod, maar vooral: de persoonlijke begeleiding.<br><\/p>\n\n\n\n<p class=\"wp-block-paragraph\"><\/p>\n\n\n\n<h2 class=\"wp-block-heading\"><strong>Voor we begonnen<\/strong><\/h2>\n\n\n\n<p class=\"wp-block-paragraph\"><\/p>\n\n\n\n<p class=\"wp-block-paragraph\">Caroline had een goedlopende parttime baan in de marketing en design (17 jaar bij hetzelfde bedrijf) en runde daarnaast haar eigen studio. Ze deed losse grafische opdrachten, wat branding, alles waar de klant naar vroeg. Op papier ging het prima, maar van binnen kriebelde het.<\/p>\n\n\n\n<p class=\"wp-block-paragraph\">Ze wilde diepgang. Een eigen aanbod dat stond, in plaats van elke keer opnieuw invullen wat de klant vraagt. Ze wilde met haar eigen klanten \u00e9cht de diepte in, niet alleen mooie designs afleveren. En ergens diep van binnen wist ze wel waar ze voor stond. Maar dat eruit krijgen? Bijna onmogelijk om helemaal alleen te doen.<\/p>\n\n\n\n<p class=\"wp-block-paragraph\">Haar woorden:\u00a0<\/p>\n\n\n\n<blockquote class=\"wp-block-quote is-layout-flow wp-block-quote-is-layout-flow\">\n<p class=\"wp-block-paragraph\"><em>&#8220;Voor jezelf is dat gewoon heel lastig. Want je kan jezelf niet spiegelen. Dus ik had gewoon een goede spiegel nodig. Van iemand van buitenaf.&#8221;<\/em><\/p>\n<\/blockquote>\n\n\n\n<p class=\"wp-block-paragraph\">Haar grootste droom stond in de vragenlijst netjes ingevuld: over 5 jaar mijn baan opzeggen en fulltime ondernemen.<\/p>\n\n\n\n<p class=\"wp-block-paragraph\">Onderaan schreef ze nog: &#8220;of laten we het in deze 3 maanden realiseren? Nee grapje, dat is veel te ambitieus&#8221;<\/p>\n\n\n\n<p class=\"wp-block-paragraph\">Spoiler: het lukte.<\/p>\n\n\n\n<p class=\"wp-block-paragraph\"><\/p>\n\n\n\n<p class=\"wp-block-paragraph\"><\/p>\n\n\n\n<h2 class=\"wp-block-heading\"><strong>Wat we hebben gebouwd<\/strong><\/h2>\n\n\n\n<p class=\"wp-block-paragraph\">We zijn eerst helemaal terug naar de basis gegaan, naar haar <strong>ROOTS<\/strong>. De rode draad van haar leven. Wat heeft haar gevormd? Waarom doet ze wat ze doet? Wat doet ze anders dan anderen? Ook komt hier een stukje human design aanbod. Het is voor veel ondernemers een verhelderend, uitdagend maar leuk onderdeel, volgens Caroline ook. Het is de plek waar het echte werk gebeurt. Als je dit goed en helder hebt staan, klopt de rest daarna ook.<\/p>\n\n\n\n<p class=\"wp-block-paragraph\"><strong>Daarna scherpten we haar merkfundament aan.<\/strong>\u00a0Visie, missie, waarden, positionering. De EDGE die haar onderscheidt van elke andere brand designer met een mooi portfolio.<\/p>\n\n\n\n<p class=\"wp-block-paragraph\"><strong>Vervolgens ontwierpen we een strategisch aanbod.<\/strong>\u00a0Een aanbod wat niet enkel meer bestaat uit los grafisch werk of uurtje-factuurtje. We ontwikkelden een vast traject waarbij ze met haar klanten de diepte in gaat. Precies zoals ze het altijd al wilde, maar nu ook echt zo verpakt dat klanten het snappen \u00e9n ervoor betalen.<\/p>\n\n\n\n<p class=\"wp-block-paragraph\"><strong>En toen kwam de rest.<\/strong>\u00a0Ideale klant scherp, prijzen omhoog, haar aanbod mooi verpakt en kloppende communicatie. En wat er toen gebeurde? Alle puzzelstukjes vielen samen en het begon te stromen.<\/p>\n\n\n\n<p class=\"wp-block-paragraph\"><\/p>\n\n\n\n<h2 class=\"wp-block-heading\"><strong>Wat er gebeurde in 3 maanden<\/strong><\/h2>\n\n\n\n<p class=\"wp-block-paragraph\">Wat er in die drie maanden gebeurde?<\/p>\n\n\n\n<p class=\"wp-block-paragraph\"><strong>Ze zei haar baan op.<\/strong>\u00a0Niet over vijf jaar, maar na de 3 maanden The Brand Academy.<\/p>\n\n\n\n<p class=\"wp-block-paragraph\"><strong>Ze verhoogde haar prijzen.<\/strong>\u00a0Iets waar ze eerst spanning bij voelde. Nu zeggen klanten ja zonder te onderhandelen, omdat haar merk vertrouwen uitstraalt en haar aanbod, uitstraling en communicatie klopt bij haar expertise.<\/p>\n\n\n\n<p class=\"wp-block-paragraph\"><strong>Haar agenda vulde zich met droomprojecten.<\/strong>&nbsp;Haar eigen woorden:&nbsp;<em>&#8220;Ik kan het gewoon niet geloven, het lijkt wel alsof alles begint te stromen.&#8221;<\/em><\/p>\n\n\n\n<p class=\"wp-block-paragraph\"><strong>Ze verkocht haar allereerste traject, inclusief merkstrategie.<\/strong>\u00a0Precies het aanbod dat we samen hadden vormgegeven: een compleet brandingtraject met een stuk merkstrategie en Branded AI beeldbank. Resultaat van deze shift? Haar trajectprijs kon worden verdubbeld door de hogere waardeperceptie.  <\/p>\n\n\n\n<p class=\"wp-block-paragraph\">En misschien wel het mooiste resultaat, want dit gaat verder dan omzet: <em>&#8220;Het lijkt wel alsof alle puzzelstukjes opeens op hun plek vallen.&#8221;<\/em><\/p>\n\n\n\n<p class=\"wp-block-paragraph\">Ze snapt sinds The Brand Academy waar bepaalde gedachten en patronen vandaan komen. Waar ze zichzelf klein hield. Waarom ze soms twijfelde. Die bewustwording gaf haar rust \u00e9n richting. En vertrouwen om die sprong ook echt te maken.<\/p>\n\n\n\n<p class=\"wp-block-paragraph\">Als creative profiteert ze bovendien dubbel: de strategie, methodieken en AI tools uit The Brand Academy zet ze nu ook in bij haar eigen klanten.\u00a0<\/p>\n\n\n\n<blockquote class=\"wp-block-quote is-layout-flow wp-block-quote-is-layout-flow\">\n<p class=\"wp-block-paragraph\"><em>&#8220;Dit kan ik nu ook toepassen bij mijn klanten en aanbieden in een traject, waardoor de prijs omhoog kon.&#8221;<\/em><\/p>\n<\/blockquote>\n\n\n\n<p class=\"wp-block-paragraph\"><\/p>\n\n\n\n<p class=\"wp-block-paragraph\"><\/p>\n\n\n\n<h2 class=\"wp-block-heading\"><strong>Het fundament dat het verschil maakte<\/strong><\/h2>\n\n\n\n<p class=\"wp-block-paragraph\">Caroline had visueel niets tekort. Haar branding en designs waren natuurlijk prachtig voordat ze bij mij binnenkwam. Daar lag het niet aan. Wel hield ze zichzelf nog klein en twijfelde ze over haar aanbod en aanbod. Over welke klanten ze aantrok en welke niet. Waarom? Omdat het fundament eronder nog niet helemaal scherp stond.<\/p>\n\n\n\n<p class=\"wp-block-paragraph\">Er wordt vaak zoveel ge\u00efnvesteerd in een mooiere uitstraling, visuals, een nieuwe website, betere fotografie. Terwijl het gat in de laag daaronder ligt, daar start je: de strategie, de positionering, het merkfundament, jouw eigen roots.<\/p>\n\n\n\n<p class=\"wp-block-paragraph\">Een sterk visueel systeem is de helft van een sterk merk. De andere helft is wat eronder zit. En zonder die andere helft blijft het schieten met losse flodders, hoe mooi je feed ook is. Bij Caroline stond dat visuele stuk al. Wij bouwden de andere helft eronder. En daarna klopte alles.<\/p>\n\n\n\n<p class=\"wp-block-paragraph\">D\u00e1t is waarom ze binnen drie maanden deed waar ze eerst vijf jaar voor uittrok.<\/p>\n\n\n\n<p class=\"wp-block-paragraph\"><\/p>\n\n\n\n<h2 class=\"wp-block-heading\"><strong>De spiegel<\/strong><\/h2>\n\n\n\n<p class=\"wp-block-paragraph\">Begin jij net met ondernemen? Ervaar jij toch nog vaak onzekerheid over je merkpositionering of uitstraling? Of denk jij: &#8220;mijn visuals kloppen wel, dus mijn merk klopt ook wel.&#8221; Think again. <\/p>\n\n\n\n<p class=\"wp-block-paragraph\">Want mooi is niet genoeg, zeker niet in een tijd waarin AI middelmatige merken sneller dan ooit generiek maakt en alleen scherpe, kloppende, uitgesproken merken blijven hangen.<\/p>\n\n\n\n<p class=\"wp-block-paragraph\">Ervaar jij twijfels en onzekerheid over je merk? Dat ga je nooit oplossen met een nieuw logo of marketingtraining. Dan zit het in de laag eronder. En die laag kan je vaak niet in je eentje bouwen, omdat het heel lastig is jezelf echt goed te spiegelen. <\/p>\n\n\n\n<p class=\"wp-block-paragraph\">Dat is precies waar we in<strong> <a href=\"\/en\/the-brand-academy\/\" data-type=\"link\" data-id=\"\/the-b\">The Brand Academy<\/a><\/strong> mee starten. Zodat jij echt een professioneel merk neerzet waar jij de komende jaren op kunt bouwen.<\/p>\n\n\n\n<p class=\"wp-block-paragraph\"><\/p>\n\n\n\n<h2 class=\"wp-block-heading\"><strong>Your next step?<\/strong><\/h2>\n\n\n\n<p class=\"wp-block-paragraph\">The Brand Academy is er voor ondernemers die niet komen voor nog een snelle marketingtruc of &#8216;hack&#8217;, maar voor een merk dat kloppend, onderscheidend en toekomstbestendig is. Van roots tot expressie tot aanbod. Met AI als versneller, nooit als vervanger. Er zijn in The Brand Academy Guided per ronde maar een aantal plekken beschikbaar. Klein en persoonlijk, want alleen zo krijgen we die diepte.<\/p>\n\n\n\n<p class=\"wp-block-paragraph\">Nieuwsgierig of het bij jou past? Boek een <a href=\"http:\/\/calendly.com\/liannekoster91\/30min\"><strong>Match<\/strong> <strong>Call<\/strong><\/a> en dan kijken we samen of ik je kan helpen in jouw volgende stappen.<\/p>\n\n\n\n<p class=\"wp-block-paragraph\"><\/p>\n\n\n\n<figure class=\"wp-block-embed is-type-video is-provider-spotify wp-block-embed-spotify wp-embed-aspect-16-9 wp-has-aspect-ratio\"><div class=\"wp-block-embed__wrapper\">\n<iframe title=\"Spotify Embed: #40 Caroline verhoogde haar tarieven, trok haar droomklanten aan, zei haar baan op en onderneemt nu fulltime\" style=\"border-radius: 12px\" width=\"624\" height=\"351\" frameborder=\"0\" allowfullscreen allow=\"autoplay; clipboard-write; encrypted-media; fullscreen; picture-in-picture\" loading=\"lazy\" src=\"https:\/\/open.spotify.com\/embed\/episode\/7LONNB79KJgbSs8a4CvOK8\/video?si=Bp37TyVcRqubm1XRmpKWDA&amp;utm_source=oembed\"><\/iframe>\n<\/div><\/figure>","protected":false},"excerpt":{"rendered":"<p>Van dromen over fulltime ondernemen &#8220;over 5 jaar&#8221; naar: onderscheidend merk, baan opgezegd, prijzen verhoogd en agenda vol droomprojecten. &#8220;Het was fantastisch dit traject te doorlopen.\u00a0Jouw energie en positiviteit is aanstekelijk. En het is de\u00a0investering dubbel en dwars waard, je gaat dit sowieso terugverdienen. Het stukje zelfontwikkeling raakte me. Dit heeft op mij veel impact [&hellip;]<\/p>\n","protected":false},"author":2,"featured_media":4777,"comment_status":"closed","ping_status":"closed","sticky":false,"template":"","format":"standard","meta":{"_acf_changed":false,"_et_pb_use_builder":"off","_et_pb_old_content":"<!-- wp:heading {\"level\":1} -->\n<h1 class=\"wp-block-heading\"><\/h1>\n<!-- \/wp:heading -->\n\n<!-- wp:paragraph -->\n<p>Ik zie het de laatste tijd zo vaak gebeuren. Ondernemers die <em>next level<\/em> willen gaan. Ze willen zich positioneren aan de bovenkant van de markt, die high-end klanten aantrekken, hogere prijzen vragen, meer exclusiviteit uitstralen. Ze investeren in een chique website, een nieuw logo, professionele fotografie en een prijsverhoging. Ze doen alles \u201cvolgens het boekje\u201d. En toch ontbreekt er iets. Niet zichtbaar op papier, maar voelbaar in energie. Want high-end positionering gaat niet over <em>wat<\/em> je, maar over <em>wie<\/em> je bent als merk. <br><br>Je kunt je niet positioneren in een segment dat je zelf nog niet leeft. Je merk weerspiegelt altijd de binnenkant. Als jij jezelf klein houdt, blijft je merk dat ook doen. Je kunt geen leider uitstralen als je vanbinnen nog twijfelt of je er wel \u00e9\u00e9n bent. High-end merken komen niet voort uit perfectie, maar uit presence. Het verschil zit in energie. De manier waarop je denkt, handelt, communiceert en keuzes maakt. D\u00e1\u00e1r voelen klanten het verschil.<br><br><\/p>\n<!-- \/wp:paragraph -->\n\n<!-- wp:heading -->\n<h2 class=\"wp-block-heading\"><\/h2>\n<!-- \/wp:heading -->\n\n<!-- wp:paragraph -->\n<p><\/p>\n<!-- \/wp:paragraph -->\n\n<!-- wp:heading -->\n<h2 class=\"wp-block-heading\">5 tips om jouw high-end energie te versterken<\/h2>\n<!-- \/wp:heading -->\n\n<!-- wp:paragraph -->\n<p><\/p>\n<!-- \/wp:paragraph -->\n\n<!-- wp:heading {\"level\":3} -->\n<h3 class=\"wp-block-heading\">1. Own je expertise<\/h3>\n<!-- \/wp:heading -->\n\n<!-- wp:paragraph -->\n<p>We onderschatten vaak wat we voor anderen betekenen. Schrijf eens letterlijk op wat jouw klanten door jouw werk bereiken. Niet wat jij doet, maar wat zij voelen of realiseren n\u00e1 jullie samenwerking. Welke concrete resultaten zien ze? Hoeveel meer rust, focus of groei ervaren ze?<\/p>\n<!-- \/wp:paragraph -->\n\n<!-- wp:paragraph -->\n<p>Zoveel transformaties zien we zelf namelijk als vanzelfsprekend. Zodra je dit zwart op wit ziet, groeit je zelfvertrouwen vanzelf. Je ziet de waarde in van hetgeen je aanbiedt: \"Dit is de waarde die ik breng en daar sta ik 100% achter.\"  En precies d\u00e1t gevoel wil je meenemen in je zichtbaarheid en gesprekken, want zelfvertrouwen begint met bewijs dat je al geleverd h\u00e9bt.<br><\/p>\n<!-- \/wp:paragraph -->\n\n<!-- wp:paragraph -->\n<p><\/p>\n<!-- \/wp:paragraph -->\n\n<!-- wp:heading {\"level\":3} -->\n<h3 class=\"wp-block-heading\">2. Leef het leven dat je wilt aantrekken<\/h3>\n<!-- \/wp:heading -->\n\n<!-- wp:paragraph -->\n<p>Wil je klanten die investeren in kwaliteit, beleving en groei? Laat dat dan ook zelf zien. Niet om te \u2018showen\u2019, maar om te inspireren. Klanten willen onderdeel worden van jouw wereld. Dus leef hem al, op jouw manier. <\/p>\n<!-- \/wp:paragraph -->\n\n<!-- wp:paragraph -->\n<p>Ik kreeg laatst de vraag: \u201cWat als ik jou nou 100 euro geef, en jij zorgt voor 50 nieuwe klanten?\u201d Eerlijk? Dat is precies de verkeerde energie. Hoe kun je verwachten dat anderen in jou investeren, als jij zelf niet bereid bent om te investeren? Je kunt geen premium klanten aantrekken als je zelf blijft denken in tekorten of snelle winst. High-end gaat niet over besparen, maar over bouwen. Over het zien van waarde, ook als het (nog) niet direct in cijfers te vangen is. Als jij leeft en werkt vanuit overvloed. Vanuit vertrouwen, plezier en liefde voor je vak, dan trek je vanzelf klanten aan die in diezelfde energie resoneren.<\/p>\n<!-- \/wp:paragraph -->\n\n<!-- wp:paragraph -->\n<p><\/p>\n<!-- \/wp:paragraph -->\n\n<!-- wp:paragraph -->\n<p><\/p>\n<!-- \/wp:paragraph -->\n\n<!-- wp:heading {\"level\":3} -->\n<h3 class=\"wp-block-heading\">3. Check je energie v\u00f3\u00f3r je je prijs verhoogt<\/h3>\n<!-- \/wp:heading -->\n\n<!-- wp:paragraph -->\n<p>Een hogere prijs werkt alleen als jij hem ook echt kunt dragen. Zodra jij twijfelt, voelt je klant dat direct. Je hoeft het niet te <em>spelen<\/em>, je moet het <em>zijn. <\/em>Ik weet nog goed toen ik mijn prijzen voor het eerst verhoogde. Niet omdat ik dacht: het mag nu wel eens, maar omdat ik voelde: <em>mijn werk transformeert merken.<\/em> En precies daar zit het verschil. Het was geen slimme marketingtruc maar een diep vertrouwen in wat ik doe. Ik w\u00edst: mijn trajecten maken verschil, mijn klanten groeien daardoor. En dat mag ook in mijn prijs, mijn energie en mijn uitstraling voelbaar zijn.<\/p>\n<!-- \/wp:paragraph -->\n\n<!-- wp:paragraph -->\n<p>Dat gevoel, die innerlijke zekerheid, is de energie die verkoopt. Geen gladde salespitch, maar stille overtuiging. <\/p>\n<!-- \/wp:paragraph -->\n\n<!-- wp:paragraph -->\n<p><\/p>\n<!-- \/wp:paragraph -->\n\n<!-- wp:paragraph -->\n<p><\/p>\n<!-- \/wp:paragraph -->\n\n<!-- wp:heading {\"level\":3} -->\n<h3 class=\"wp-block-heading\">4. Zorg dat alles premium voelt<\/h3>\n<!-- \/wp:heading -->\n\n<!-- wp:paragraph -->\n<p>High-end merken herken je niet aan hun prijskaartje, maar aan hun\u00a0presence<strong>.<\/strong> Aan de rust die ze uitstralen. De aandacht in elk detail. De consistentie in hun uitstraling. Van website tot verpakking, van onboarding tot aftercare: het totaalplaatje klopt. Alles voelt doordacht en persoonlijk. Echt als een beleving. Ze overcommuniceren niet. Ze vertrouwen op eenvoud. Hun woorden zijn zorgvuldig gekozen. Geen ruis, geen haast, geen verkooppraatjes.<\/p>\n<!-- \/wp:paragraph -->\n\n<!-- wp:paragraph -->\n<p>Wanneer iemand in aanraking komt met jouw merk, voelt die persoon iets. Rust. Kwaliteit. Vertrouwen. Visie. Aandacht. D\u00e1t is premium.<\/p>\n<!-- \/wp:paragraph -->\n\n<!-- wp:paragraph -->\n<p>High-end merken bouwen geen muren van afstand, maar cre\u00ebren een wereld waar je onderdeel van w\u00edlt zijn. Ze nodigen niet uit met schreeuwerige marketing, maar met aantrekkingskracht. Ze cre\u00ebren een wereld waar je onderdeel van w\u00edlt zijn. <\/p>\n<!-- \/wp:paragraph -->\n\n<!-- wp:paragraph -->\n<p><br><\/p>\n<!-- \/wp:paragraph -->\n\n<!-- wp:paragraph -->\n<p><\/p>\n<!-- \/wp:paragraph -->\n\n<!-- wp:heading {\"level\":3} -->\n<h3 class=\"wp-block-heading\">5. Own je plek (zonder te schreeuwen)<\/h3>\n<!-- \/wp:heading -->\n\n<!-- wp:paragraph -->\n<p>High-end merken zijn niet overal, maar w\u00e9l aanwezig. Ze hoeven niet de luidste in de kamer te zijn, maar ze hebben presence. Own je plek. Het gaat niet over beter zijn dan anderen, maar over uniek durven zijn. De kracht zit niet in volume, maar in visie. Dus durf te kiezen. Durf uitgesproken te zijn. Jij b\u00e9nt de autoriteit, niet de volger. En dat is precies waarom mensen jou willen.<\/p>\n<!-- \/wp:paragraph -->\n\n<!-- wp:paragraph -->\n<p><\/p>\n<!-- \/wp:paragraph -->\n\n<!-- wp:paragraph -->\n<p><br>High-end positionering draait niet om m\u00e9\u00e9r doen, maar om anders denken. Om innerlijke groei en uiterlijke verfijning. Tot alles klopt. Van je mindset tot je complete merkbeleving.<\/p>\n<!-- \/wp:paragraph -->\n\n<!-- wp:paragraph -->\n<p>Het is geen marketingtruc, geen strategie op papier.<br>Het is een manier van zijn. Van voelen. Van kiezen. Het is leiderschap. Presence. Energie. <\/p>\n<!-- \/wp:paragraph -->\n\n<!-- wp:paragraph -->\n<p>Het betekent durven staan voor je waarde, ook als niemand nog klapt. Weten wie je bent, wat je brengt en hoe je het wilt brengen.  Zo sterk, dat alles wat je doet vanzelf diezelfde frequentie uitstraalt.<br>Wanneer jij die energie leeft, wordt je merk magnetisch. Je trekt niet alleen klanten aan die iets van je willen kopen, maar mensen die deel willen worden van wat je bouwt. Van jouw visie. Jouw wereld. Jouw beweging.<\/p>\n<!-- \/wp:paragraph -->\n\n<!-- wp:paragraph -->\n<p>En dat is echte aantrekkingskracht.<br>En dat is wat een sterk merk doet:<br>het verkoopt niet, het verleidt.<br><\/p>\n<!-- \/wp:paragraph -->","_et_gb_content_width":"942","footnotes":""},"categories":[56],"tags":[],"blog-categorie":[],"class_list":["post-4773","post","type-post","status-publish","format-standard","has-post-thumbnail","hentry","category-klantcase"],"acf":[],"yoast_head":"<!-- This site is optimized with the Yoast SEO plugin v28.4 - https:\/\/yoast.com\/product\/yoast-seo-wordpress\/ -->\n<title>In the spotlight Caroline: van parttime job naar fulltime ondernemer - Studio Lianne Koster<\/title>\n<meta name=\"description\" content=\"Caroline verhoogde haar prijzen, vulde haar agenda met droomprojecten en zei haar baan op. Lees haar journey in The Brand Academy.\" \/>\n<meta name=\"robots\" content=\"index, follow, max-snippet:-1, max-image-preview:large, max-video-preview:-1\" \/>\n<link rel=\"canonical\" href=\"https:\/\/studioliannekoster.com\/en\/klantcase-caroline-the-brand-academy\/\" \/>\n<meta property=\"og:locale\" content=\"en_US\" \/>\n<meta property=\"og:type\" content=\"article\" \/>\n<meta property=\"og:title\" content=\"In the spotlight Caroline: van parttime job naar fulltime ondernemer - Studio Lianne Koster\" \/>\n<meta property=\"og:description\" content=\"Caroline verhoogde haar prijzen, vulde haar agenda met droomprojecten en zei haar baan op. Lees haar journey in The Brand Academy.\" \/>\n<meta property=\"og:url\" content=\"https:\/\/studioliannekoster.com\/en\/klantcase-caroline-the-brand-academy\/\" \/>\n<meta property=\"og:site_name\" content=\"Studio Lianne Koster\" \/>\n<meta property=\"article:published_time\" content=\"2026-08-29T13:19:24+00:00\" \/>\n<meta property=\"article:modified_time\" content=\"2026-08-29T13:51:36+00:00\" \/>\n<meta property=\"og:image\" content=\"https:\/\/studioliannekoster.com\/wp-content\/uploads\/2026\/08\/Klantcase-Design-Studio-Line-binnen-The-Brand-Academy.-Studio-Lianne-Koster-scaled.jpg\" \/>\n\t<meta property=\"og:image:width\" content=\"1921\" \/>\n\t<meta property=\"og:image:height\" content=\"2560\" \/>\n\t<meta property=\"og:image:type\" content=\"image\/jpeg\" \/>\n<meta name=\"author\" content=\"Lianne\" \/>\n<meta name=\"twitter:card\" content=\"summary_large_image\" \/>\n<meta name=\"twitter:label1\" content=\"Written by\" \/>\n\t<meta name=\"twitter:data1\" content=\"Lianne\" \/>\n\t<meta name=\"twitter:label2\" content=\"Est. reading time\" \/>\n\t<meta name=\"twitter:data2\" content=\"6 minutes\" \/>\n<script type=\"application\/ld+json\" class=\"yoast-schema-graph\">{\"@context\":\"https:\\\/\\\/schema.org\",\"@graph\":[{\"@type\":\"Article\",\"@id\":\"https:\\\/\\\/studioliannekoster.com\\\/klantcase-caroline-the-brand-academy\\\/#article\",\"isPartOf\":{\"@id\":\"https:\\\/\\\/studioliannekoster.com\\\/klantcase-caroline-the-brand-academy\\\/\"},\"author\":{\"name\":\"Lianne\",\"@id\":\"https:\\\/\\\/studioliannekoster.com\\\/#\\\/schema\\\/person\\\/f29917671f61a003c79eda1b91c882b6\"},\"headline\":\"Caroline verhoogde haar tarieven, trok droomklanten aan en zei haar baan op.\",\"datePublished\":\"2026-08-29T13:19:24+00:00\",\"dateModified\":\"2026-08-29T13:51:36+00:00\",\"mainEntityOfPage\":{\"@id\":\"https:\\\/\\\/studioliannekoster.com\\\/klantcase-caroline-the-brand-academy\\\/\"},\"wordCount\":1199,\"image\":{\"@id\":\"https:\\\/\\\/studioliannekoster.com\\\/klantcase-caroline-the-brand-academy\\\/#primaryimage\"},\"thumbnailUrl\":\"https:\\\/\\\/studioliannekoster.com\\\/wp-content\\\/uploads\\\/2026\\\/08\\\/Klantcase-Design-Studio-Line-binnen-The-Brand-Academy.-Studio-Lianne-Koster-scaled.jpg\",\"articleSection\":[\"In the spotlight\"],\"inLanguage\":\"en-US\"},{\"@type\":\"WebPage\",\"@id\":\"https:\\\/\\\/studioliannekoster.com\\\/klantcase-caroline-the-brand-academy\\\/\",\"url\":\"https:\\\/\\\/studioliannekoster.com\\\/klantcase-caroline-the-brand-academy\\\/\",\"name\":\"In the spotlight Caroline: van parttime job naar fulltime ondernemer - Studio Lianne Koster\",\"isPartOf\":{\"@id\":\"https:\\\/\\\/studioliannekoster.com\\\/#website\"},\"primaryImageOfPage\":{\"@id\":\"https:\\\/\\\/studioliannekoster.com\\\/klantcase-caroline-the-brand-academy\\\/#primaryimage\"},\"image\":{\"@id\":\"https:\\\/\\\/studioliannekoster.com\\\/klantcase-caroline-the-brand-academy\\\/#primaryimage\"},\"thumbnailUrl\":\"https:\\\/\\\/studioliannekoster.com\\\/wp-content\\\/uploads\\\/2026\\\/08\\\/Klantcase-Design-Studio-Line-binnen-The-Brand-Academy.-Studio-Lianne-Koster-scaled.jpg\",\"datePublished\":\"2026-08-29T13:19:24+00:00\",\"dateModified\":\"2026-08-29T13:51:36+00:00\",\"author\":{\"@id\":\"https:\\\/\\\/studioliannekoster.com\\\/#\\\/schema\\\/person\\\/f29917671f61a003c79eda1b91c882b6\"},\"description\":\"Caroline verhoogde haar prijzen, vulde haar agenda met droomprojecten en zei haar baan op. Lees haar journey in The Brand Academy.\",\"breadcrumb\":{\"@id\":\"https:\\\/\\\/studioliannekoster.com\\\/klantcase-caroline-the-brand-academy\\\/#breadcrumb\"},\"inLanguage\":\"en-US\",\"potentialAction\":[{\"@type\":\"ReadAction\",\"target\":[\"https:\\\/\\\/studioliannekoster.com\\\/klantcase-caroline-the-brand-academy\\\/\"]}]},{\"@type\":\"ImageObject\",\"inLanguage\":\"en-US\",\"@id\":\"https:\\\/\\\/studioliannekoster.com\\\/klantcase-caroline-the-brand-academy\\\/#primaryimage\",\"url\":\"https:\\\/\\\/studioliannekoster.com\\\/wp-content\\\/uploads\\\/2026\\\/08\\\/Klantcase-Design-Studio-Line-binnen-The-Brand-Academy.-Studio-Lianne-Koster-scaled.jpg\",\"contentUrl\":\"https:\\\/\\\/studioliannekoster.com\\\/wp-content\\\/uploads\\\/2026\\\/08\\\/Klantcase-Design-Studio-Line-binnen-The-Brand-Academy.-Studio-Lianne-Koster-scaled.jpg\",\"width\":1921,\"height\":2560,\"caption\":\"Klantcase Design Studio Line binnen The Brand Academy. Studio Lianne Koster\"},{\"@type\":\"BreadcrumbList\",\"@id\":\"https:\\\/\\\/studioliannekoster.com\\\/klantcase-caroline-the-brand-academy\\\/#breadcrumb\",\"itemListElement\":[{\"@type\":\"ListItem\",\"position\":1,\"name\":\"Home\",\"item\":\"https:\\\/\\\/studioliannekoster.com\\\/\"},{\"@type\":\"ListItem\",\"position\":2,\"name\":\"Caroline verhoogde haar tarieven, trok droomklanten aan en zei haar baan op.\"}]},{\"@type\":\"WebSite\",\"@id\":\"https:\\\/\\\/studioliannekoster.com\\\/#website\",\"url\":\"https:\\\/\\\/studioliannekoster.com\\\/\",\"name\":\"Studio Lianne Koster\",\"description\":\"Branding, Design, Strategie &amp; AI Studio voor creatives, vision-led founders, health &amp; lifestyle merken\",\"potentialAction\":[{\"@type\":\"SearchAction\",\"target\":{\"@type\":\"EntryPoint\",\"urlTemplate\":\"https:\\\/\\\/studioliannekoster.com\\\/?s={search_term_string}\"},\"query-input\":{\"@type\":\"PropertyValueSpecification\",\"valueRequired\":true,\"valueName\":\"search_term_string\"}}],\"inLanguage\":\"en-US\"},{\"@type\":\"Person\",\"@id\":\"https:\\\/\\\/studioliannekoster.com\\\/#\\\/schema\\\/person\\\/f29917671f61a003c79eda1b91c882b6\",\"name\":\"Lianne\",\"image\":{\"@type\":\"ImageObject\",\"inLanguage\":\"en-US\",\"@id\":\"https:\\\/\\\/secure.gravatar.com\\\/avatar\\\/a80dd026ea7f09281d4d9bfd4e8d99c5b81c3bb49a49e9295499369812c56421?s=96&d=mm&r=g\",\"url\":\"https:\\\/\\\/secure.gravatar.com\\\/avatar\\\/a80dd026ea7f09281d4d9bfd4e8d99c5b81c3bb49a49e9295499369812c56421?s=96&d=mm&r=g\",\"contentUrl\":\"https:\\\/\\\/secure.gravatar.com\\\/avatar\\\/a80dd026ea7f09281d4d9bfd4e8d99c5b81c3bb49a49e9295499369812c56421?s=96&d=mm&r=g\",\"caption\":\"Lianne\"},\"url\":\"https:\\\/\\\/studioliannekoster.com\\\/en\\\/author\\\/lianne\\\/\"}]}<\/script>\n<!-- \/ Yoast SEO plugin. -->","yoast_head_json":{"title":"In the spotlight Caroline: van parttime job naar fulltime ondernemer - Studio Lianne Koster","description":"Caroline verhoogde haar prijzen, vulde haar agenda met droomprojecten en zei haar baan op. Lees haar journey in The Brand Academy.","robots":{"index":"index","follow":"follow","max-snippet":"max-snippet:-1","max-image-preview":"max-image-preview:large","max-video-preview":"max-video-preview:-1"},"canonical":"https:\/\/studioliannekoster.com\/en\/klantcase-caroline-the-brand-academy\/","og_locale":"en_US","og_type":"article","og_title":"In the spotlight Caroline: van parttime job naar fulltime ondernemer - Studio Lianne Koster","og_description":"Caroline verhoogde haar prijzen, vulde haar agenda met droomprojecten en zei haar baan op. Lees haar journey in The Brand Academy.","og_url":"https:\/\/studioliannekoster.com\/en\/klantcase-caroline-the-brand-academy\/","og_site_name":"Studio Lianne Koster","article_published_time":"2026-08-29T13:19:24+00:00","article_modified_time":"2026-08-29T13:51:36+00:00","og_image":[{"width":1921,"height":2560,"url":"https:\/\/studioliannekoster.com\/wp-content\/uploads\/2026\/08\/Klantcase-Design-Studio-Line-binnen-The-Brand-Academy.-Studio-Lianne-Koster-scaled.jpg","type":"image\/jpeg"}],"author":"Lianne","twitter_card":"summary_large_image","twitter_misc":{"Written by":"Lianne","Est. reading time":"6 minutes"},"schema":{"@context":"https:\/\/schema.org","@graph":[{"@type":"Article","@id":"https:\/\/studioliannekoster.com\/klantcase-caroline-the-brand-academy\/#article","isPartOf":{"@id":"https:\/\/studioliannekoster.com\/klantcase-caroline-the-brand-academy\/"},"author":{"name":"Lianne","@id":"https:\/\/studioliannekoster.com\/#\/schema\/person\/f29917671f61a003c79eda1b91c882b6"},"headline":"Caroline verhoogde haar tarieven, trok droomklanten aan en zei haar baan op.","datePublished":"2026-08-29T13:19:24+00:00","dateModified":"2026-08-29T13:51:36+00:00","mainEntityOfPage":{"@id":"https:\/\/studioliannekoster.com\/klantcase-caroline-the-brand-academy\/"},"wordCount":1199,"image":{"@id":"https:\/\/studioliannekoster.com\/klantcase-caroline-the-brand-academy\/#primaryimage"},"thumbnailUrl":"https:\/\/studioliannekoster.com\/wp-content\/uploads\/2026\/08\/Klantcase-Design-Studio-Line-binnen-The-Brand-Academy.-Studio-Lianne-Koster-scaled.jpg","articleSection":["In the spotlight"],"inLanguage":"en-US"},{"@type":"WebPage","@id":"https:\/\/studioliannekoster.com\/klantcase-caroline-the-brand-academy\/","url":"https:\/\/studioliannekoster.com\/klantcase-caroline-the-brand-academy\/","name":"In the spotlight Caroline: van parttime job naar fulltime ondernemer - Studio Lianne Koster","isPartOf":{"@id":"https:\/\/studioliannekoster.com\/#website"},"primaryImageOfPage":{"@id":"https:\/\/studioliannekoster.com\/klantcase-caroline-the-brand-academy\/#primaryimage"},"image":{"@id":"https:\/\/studioliannekoster.com\/klantcase-caroline-the-brand-academy\/#primaryimage"},"thumbnailUrl":"https:\/\/studioliannekoster.com\/wp-content\/uploads\/2026\/08\/Klantcase-Design-Studio-Line-binnen-The-Brand-Academy.-Studio-Lianne-Koster-scaled.jpg","datePublished":"2026-08-29T13:19:24+00:00","dateModified":"2026-08-29T13:51:36+00:00","author":{"@id":"https:\/\/studioliannekoster.com\/#\/schema\/person\/f29917671f61a003c79eda1b91c882b6"},"description":"Caroline verhoogde haar prijzen, vulde haar agenda met droomprojecten en zei haar baan op. Lees haar journey in The Brand Academy.","breadcrumb":{"@id":"https:\/\/studioliannekoster.com\/klantcase-caroline-the-brand-academy\/#breadcrumb"},"inLanguage":"en-US","potentialAction":[{"@type":"ReadAction","target":["https:\/\/studioliannekoster.com\/klantcase-caroline-the-brand-academy\/"]}]},{"@type":"ImageObject","inLanguage":"en-US","@id":"https:\/\/studioliannekoster.com\/klantcase-caroline-the-brand-academy\/#primaryimage","url":"https:\/\/studioliannekoster.com\/wp-content\/uploads\/2026\/08\/Klantcase-Design-Studio-Line-binnen-The-Brand-Academy.-Studio-Lianne-Koster-scaled.jpg","contentUrl":"https:\/\/studioliannekoster.com\/wp-content\/uploads\/2026\/08\/Klantcase-Design-Studio-Line-binnen-The-Brand-Academy.-Studio-Lianne-Koster-scaled.jpg","width":1921,"height":2560,"caption":"Klantcase Design Studio Line binnen The Brand Academy. Studio Lianne Koster"},{"@type":"BreadcrumbList","@id":"https:\/\/studioliannekoster.com\/klantcase-caroline-the-brand-academy\/#breadcrumb","itemListElement":[{"@type":"ListItem","position":1,"name":"Home","item":"https:\/\/studioliannekoster.com\/"},{"@type":"ListItem","position":2,"name":"Caroline verhoogde haar tarieven, trok droomklanten aan en zei haar baan op."}]},{"@type":"WebSite","@id":"https:\/\/studioliannekoster.com\/#website","url":"https:\/\/studioliannekoster.com\/","name":"Studio Lianne Koster","description":"Branding, Design, Strategie &amp; AI Studio voor creatives, vision-led founders, health &amp; lifestyle merken","potentialAction":[{"@type":"SearchAction","target":{"@type":"EntryPoint","urlTemplate":"https:\/\/studioliannekoster.com\/?s={search_term_string}"},"query-input":{"@type":"PropertyValueSpecification","valueRequired":true,"valueName":"search_term_string"}}],"inLanguage":"en-US"},{"@type":"Person","@id":"https:\/\/studioliannekoster.com\/#\/schema\/person\/f29917671f61a003c79eda1b91c882b6","name":"Lianne","image":{"@type":"ImageObject","inLanguage":"en-US","@id":"https:\/\/secure.gravatar.com\/avatar\/a80dd026ea7f09281d4d9bfd4e8d99c5b81c3bb49a49e9295499369812c56421?s=96&d=mm&r=g","url":"https:\/\/secure.gravatar.com\/avatar\/a80dd026ea7f09281d4d9bfd4e8d99c5b81c3bb49a49e9295499369812c56421?s=96&d=mm&r=g","contentUrl":"https:\/\/secure.gravatar.com\/avatar\/a80dd026ea7f09281d4d9bfd4e8d99c5b81c3bb49a49e9295499369812c56421?s=96&d=mm&r=g","caption":"Lianne"},"url":"https:\/\/studioliannekoster.com\/en\/author\/lianne\/"}]}},"_links":{"self":[{"href":"https:\/\/studioliannekoster.com\/en\/wp-json\/wp\/v2\/posts\/4773","targetHints":{"allow":["GET"]}}],"collection":[{"href":"https:\/\/studioliannekoster.com\/en\/wp-json\/wp\/v2\/posts"}],"about":[{"href":"https:\/\/studioliannekoster.com\/en\/wp-json\/wp\/v2\/types\/post"}],"author":[{"embeddable":true,"href":"https:\/\/studioliannekoster.com\/en\/wp-json\/wp\/v2\/users\/2"}],"replies":[{"embeddable":true,"href":"https:\/\/studioliannekoster.com\/en\/wp-json\/wp\/v2\/comments?post=4773"}],"version-history":[{"count":5,"href":"https:\/\/studioliannekoster.com\/en\/wp-json\/wp\/v2\/posts\/4773\/revisions"}],"predecessor-version":[{"id":4796,"href":"https:\/\/studioliannekoster.com\/en\/wp-json\/wp\/v2\/posts\/4773\/revisions\/4796"}],"wp:featuredmedia":[{"embeddable":true,"href":"https:\/\/studioliannekoster.com\/en\/wp-json\/wp\/v2\/media\/4777"}],"wp:attachment":[{"href":"https:\/\/studioliannekoster.com\/en\/wp-json\/wp\/v2\/media?parent=4773"}],"wp:term":[{"taxonomy":"category","embeddable":true,"href":"https:\/\/studioliannekoster.com\/en\/wp-json\/wp\/v2\/categories?post=4773"},{"taxonomy":"post_tag","embeddable":true,"href":"https:\/\/studioliannekoster.com\/en\/wp-json\/wp\/v2\/tags?post=4773"},{"taxonomy":"blog-categorie","embeddable":true,"href":"https:\/\/studioliannekoster.com\/en\/wp-json\/wp\/v2\/blog-categorie?post=4773"}],"curies":[{"name":"wp","href":"https:\/\/api.w.org\/{rel}","templated":true}]}}